{"id":2078,"date":"2021-11-12T14:25:28","date_gmt":"2021-11-12T17:25:28","guid":{"rendered":"https:\/\/www.pacificoresearch.com\/?p=2078"},"modified":"2021-11-12T14:28:08","modified_gmt":"2021-11-12T17:28:08","slug":"programa-economico-sebastian-sichel","status":"publish","type":"post","link":"https:\/\/pacificoresearch.com\/en\/programa-economico-sebastian-sichel\/","title":{"rendered":"Patricio Rojas y propuesta econ\u00f3mica de Sebasti\u00e1n Sichel"},"content":{"rendered":"<div class=\"wp-block-image\"><figure class=\"aligncenter size-large is-resized\"><img fetchpriority=\"high\" decoding=\"async\" src=\"http:\/\/www.pacificoresearch.com\/wp-content\/uploads\/2021\/11\/Captura-de-pantalla-2021-11-12-a-las-14.18.34-edited.png\" alt=\"Patricio Rojas, coordinador econ\u00f3mico de Sebasti\u00e1n Sichel en el webinar de Pac\u00edfico Research\" class=\"wp-image-2080\" width=\"719\" height=\"448\" srcset=\"https:\/\/pacificoresearch.com\/wp-content\/uploads\/2021\/11\/Captura-de-pantalla-2021-11-12-a-las-14.18.34-edited.png 1020w, https:\/\/pacificoresearch.com\/wp-content\/uploads\/2021\/11\/Captura-de-pantalla-2021-11-12-a-las-14.18.34-edited-300x187.png 300w, https:\/\/pacificoresearch.com\/wp-content\/uploads\/2021\/11\/Captura-de-pantalla-2021-11-12-a-las-14.18.34-edited-768x480.png 768w\" sizes=\"(max-width: 719px) 100vw, 719px\" \/><figcaption>Patricio Rojas, coordinador econ\u00f3mico Sebasti\u00e1n Sichel<\/figcaption><\/figure><\/div>\n\n\n\n<p><em>\u201cNuestro programa es realista, factible y puede hacerse con los recursos y la capacidad de crecimiento de Chile\u201d, coment\u00f3 el jefe del programa econ\u00f3mico del candidato oficialista, <strong>Sebasti\u00e1n Sichel<\/strong>, en el <a href=\"https:\/\/www.youtube.com\/channel\/UChP9X5Xz2CrU74vhYqHLKgg\">Ciclo de Charlas Mirada Pac\u00edfico<\/a>. En el el webinar Rojas descart\u00f3 una gran reforma tributaria para financiar las medidas y apuesta a que la inversi\u00f3n se generar\u00e1 con reglas estables y una institucionalidad fuerte.&nbsp;<\/em><\/p>\n\n\n\n<p>Como un programa \u201crealista y factible\u201d calific\u00f3 Patricio Rojas el conjunto de propuestas a implementar en un eventual gobierno. \u201cNuestro programa cuesta 3 puntos del PIB. Tenemos contempladas varias transferencias directas, pero estamos hablando de un costo total de entre US$ 8.500 y US$ 9.500 millones anuales y creemos que podemos financiarlo sin hacer grandes cambios tributarios\u201d, dijo en conversaci\u00f3n con el economista jefe de <a href=\"https:\/\/pacificoresearch.com\/en\/\">Pac\u00edfico Research<\/a>, Igal Magendzo.&nbsp;<\/p>\n\n\n\n<p>En este sentido, Rojas explic\u00f3 que si bien descartan hacer una \u201cgran reforma tributaria\u201d, s\u00ed tienen contemplado revisar las exenciones que existen, ya que de ellas apuestan a conseguir entre US$ 2.300 y US$ 2.500 millones, adem\u00e1s de reasignar cerca de US$ 2.000 millones.&nbsp;<\/p>\n\n\n\n<p>Otro elemento que consideran revisar en un supuesto gobierno de Sebasti\u00e1n Sichel es el impuesto a la ganancia de capital. \u201cPensamos que 5% es poco, y 10% puede ser bueno\u201d, dijo. Asimismo, plante\u00f3 que deben ser revisados el IVA a la construcci\u00f3n y la rebaja de impuestos al diesel, pero advirti\u00f3 que esas medidas deben ser tomadas con cautela debido al impacto que pueden tener para la construcci\u00f3n de las viviendas m\u00e1s pobres y a los conflictos pol\u00edticos que se puedan generar con el sector del transporte.<\/p>\n\n\n\n<p>En materia de crecimiento, el economista plante\u00f3 que apuestan a implementar medidas que impulsen el crecimiento tendencial a niveles cercanos al 3,5 a 4% (actualmente es 2,6%)&nbsp;&nbsp;as\u00ed esperan conseguir una mayor recaudaci\u00f3n tributaria.&nbsp;<\/p>\n\n\n\n<p>Sobre bajar impuestos, Rojas lo descarta de plano, ya que considera que hoy no existe un escenario en Chile para tomar ese tipo de medidas. \u201cM\u00e1s all\u00e1 de que la rebaja de impuestos pueda tener alg\u00fan impacto en materia de actividad e inversi\u00f3n, lo que m\u00e1s inversi\u00f3n genera son reglas estables e institucionalidad\u201d.&nbsp;<\/p>\n\n\n\n<h2 class=\"wp-block-heading\"><strong>Reforma previsional<\/strong> de Sebasti\u00e1n Sichel<\/h2>\n\n\n\n<p>Respecto de una eventual reforma previsional, el economista asegura que \u201ccualquiera que sea gobierno en marzo tiene que enfocarse en sacar adelante una reforma de pensiones lo m\u00e1s r\u00e1pido posible\u201d, aunque enfatiza en que \u00e9sta debe hacerse con cuidado, debido a los impactos que pueda tener en el mercado laboral y en el mercado de capitales. En ese sentido, explica que las medidas que propone la candidatura de Sichel es fiscalmente responsable y cuesta alrededor de US$ 1.800 millones adicionales a los 1,2 puntos del PIB que hoy gasta el fisco en jubilaciones. \u201cNuestro programa es realista, factible y puede hacerse con los recursos y capacidad de crecimiento de Chile\u201d, asegura.<\/p>\n\n\n\n<p>Algunas de las iniciativas que explica Rojas fue una pensi\u00f3n b\u00e1sica universal de $178.000 que pueda subir hasta $270.000 con ahorros propios, implementar un pilar contributivo con aporte patronal, que los fondos de pensiones individuales se mantengan y sean heredables, y descarta de plano introducir elementos de reparto al sistema.&nbsp;<\/p>\n\n\n\n<p>En materia institucional, la propuesta apunta a que existan empresas privadas, con o sin fines de lucro e incluso no descarta que pueda participar del modelo una entidad p\u00fablica. \u201c\u00c9ste es un esquema que no cambia el actual sistema si no que lo hace m\u00e1s abierto, con m\u00e1s instituciones. Puede haber instituciones que puedan invertir en medio ambiente, en impacto, en distintas cosas. En lo que uno cree que podr\u00edan invertirse los fondos de pensiones\u201d, argumenta.<\/p>\n\n\n\n<p>\u00a1Suscr\u00edbete a nuestro canal de Youtube para tener acceso a todos nuestros webinars! <a href=\"https:\/\/www.youtube.com\/channel\/UChP9X5Xz2CrU74vhYqHLKgg\">Haz clic aqu\u00ed<\/a><\/p>\n\n\n\n<figure class=\"wp-block-embed is-type-video is-provider-youtube wp-block-embed-youtube wp-embed-aspect-16-9 wp-has-aspect-ratio\"><div class=\"wp-block-embed__wrapper\">\n<div class=\"ose-youtube ose-uid-833bc0c6faa62dd206a51ab552757500 ose-embedpress-responsive\" style=\"width:600px; height:550px; max-height:550px; max-width:100%; display:inline-block;\" data-embed-type=\"Youtube\"><iframe allowfullscreen title=\"Ciclo de Charlas #MiradaPac\u00edfico: Patricio Rojas profundiza en el programa de Sebasti\u00e1n Sichel\" width=\"600\" height=\"550\" src=\"https:\/\/www.youtube.com\/embed\/txt40mv71ac?feature=oembed&color=red&rel=0&controls=1&start=&end=&fs=0&iv_load_policy=0&autoplay=0&mute=0&modestbranding=0&cc_load_policy=1&playsinline=1\" frameborder=\"0\" allow=\"accelerometer; encrypted-media;accelerometer;autoplay;clipboard-write;gyroscope;picture-in-picture clipboard-write; encrypted-media; gyroscope; picture-in-picture; web-share\" referrerpolicy=\"strict-origin-when-cross-origin\"><\/iframe><\/div>\n<\/div><\/figure>","protected":false},"excerpt":{"rendered":"<p>\u201cNuestro programa es realista, factible y puede hacerse con los recursos y la capacidad de crecimiento de Chile\u201d, coment\u00f3 el jefe del programa econ\u00f3mico del candidato oficialista, Sebasti\u00e1n Sichel, en el Ciclo de Charlas Mirada Pac\u00edfico. En el el webinar Rojas descart\u00f3 una gran reforma tributaria para financiar las medidas y apuesta a que la [&hellip;]<\/p>\n","protected":false},"author":2,"featured_media":0,"comment_status":"closed","ping_status":"closed","sticky":false,"template":"","format":"standard","meta":{"_acf_changed":false,"footnotes":""},"categories":[61],"tags":[],"class_list":["post-2078","post","type-post","status-publish","format-standard","hentry","category-mirada-pacifico"],"acf":[],"yoast_head":"<!-- This site is optimized with the Yoast SEO plugin v27.4 - https:\/\/yoast.com\/product\/yoast-seo-wordpress\/ -->\n<title>Patricio Rojas y propuesta econ\u00f3mica de Sebasti\u00e1n Sichel &#183; Pacifico Research Patricio Rojas y propuesta econ\u00f3mica de Sebasti\u00e1n Sichel<\/title>\n<meta name=\"description\" content=\"Patricio Rojas explica el programa econ\u00f3mico del candidato presidencial Sebasti\u00e1n Sichel. \u00a1Conoce m\u00e1s de sus medidas en nuestro art\u00edculo!\" \/>\n<meta name=\"robots\" content=\"index, follow, max-snippet:-1, max-image-preview:large, max-video-preview:-1\" \/>\n<link rel=\"canonical\" href=\"https:\/\/pacificoresearch.com\/en\/programa-economico-sebastian-sichel\/\" \/>\n<meta property=\"og:locale\" content=\"en_US\" \/>\n<meta property=\"og:type\" content=\"article\" \/>\n<meta property=\"og:title\" content=\"Patricio Rojas y propuesta econ\u00f3mica de Sebasti\u00e1n Sichel &#183; Pacifico Research Patricio Rojas y propuesta econ\u00f3mica de Sebasti\u00e1n Sichel\" \/>\n<meta property=\"og:description\" content=\"Patricio Rojas explica el programa econ\u00f3mico del candidato presidencial Sebasti\u00e1n Sichel. \u00a1Conoce m\u00e1s de sus medidas en nuestro art\u00edculo!\" \/>\n<meta property=\"og:url\" content=\"https:\/\/pacificoresearch.com\/en\/programa-economico-sebastian-sichel\/\" \/>\n<meta property=\"og:site_name\" content=\"Pacifico Research\" \/>\n<meta property=\"article:published_time\" content=\"2021-11-12T17:25:28+00:00\" \/>\n<meta property=\"article:modified_time\" content=\"2021-11-12T17:28:08+00:00\" \/>\n<meta property=\"og:image\" content=\"http:\/\/www.pacificoresearch.com\/wp-content\/uploads\/2021\/11\/Captura-de-pantalla-2021-11-12-a-las-14.18.34-edited.png\" \/>\n<meta name=\"author\" content=\"francisca@pacificoresearch.com\" \/>\n<meta name=\"twitter:card\" content=\"summary_large_image\" \/>\n<meta name=\"twitter:label1\" content=\"Written by\" \/>\n\t<meta name=\"twitter:data1\" content=\"francisca@pacificoresearch.com\" \/>\n\t<meta name=\"twitter:label2\" content=\"Est. reading time\" \/>\n\t<meta name=\"twitter:data2\" content=\"3 minutes\" \/>\n<script type=\"application\/ld+json\" class=\"yoast-schema-graph\">{\"@context\":\"https:\\\/\\\/schema.org\",\"@graph\":[{\"@type\":\"Article\",\"@id\":\"https:\\\/\\\/pacificoresearch.com\\\/en\\\/programa-economico-sebastian-sichel\\\/#article\",\"isPartOf\":{\"@id\":\"https:\\\/\\\/pacificoresearch.com\\\/en\\\/programa-economico-sebastian-sichel\\\/\"},\"author\":{\"name\":\"francisca@pacificoresearch.com\",\"@id\":\"https:\\\/\\\/www.pacificoresearch.com\\\/#\\\/schema\\\/person\\\/edccc4b4d07793dd8123c9326da70e1f\"},\"headline\":\"Patricio Rojas y propuesta econ\u00f3mica de Sebasti\u00e1n Sichel\",\"datePublished\":\"2021-11-12T17:25:28+00:00\",\"dateModified\":\"2021-11-12T17:28:08+00:00\",\"mainEntityOfPage\":{\"@id\":\"https:\\\/\\\/pacificoresearch.com\\\/en\\\/programa-economico-sebastian-sichel\\\/\"},\"wordCount\":655,\"publisher\":{\"@id\":\"https:\\\/\\\/www.pacificoresearch.com\\\/#organization\"},\"image\":{\"@id\":\"https:\\\/\\\/pacificoresearch.com\\\/en\\\/programa-economico-sebastian-sichel\\\/#primaryimage\"},\"thumbnailUrl\":\"http:\\\/\\\/www.pacificoresearch.com\\\/wp-content\\\/uploads\\\/2021\\\/11\\\/Captura-de-pantalla-2021-11-12-a-las-14.18.34-edited.png\",\"articleSection\":[\"Mirada Pac\u00edfico\"],\"inLanguage\":\"en-US\"},{\"@type\":\"WebPage\",\"@id\":\"https:\\\/\\\/pacificoresearch.com\\\/en\\\/programa-economico-sebastian-sichel\\\/\",\"url\":\"https:\\\/\\\/pacificoresearch.com\\\/en\\\/programa-economico-sebastian-sichel\\\/\",\"name\":\"Patricio Rojas y propuesta econ\u00f3mica de Sebasti\u00e1n Sichel &#183; Pacifico Research Patricio Rojas y propuesta econ\u00f3mica de Sebasti\u00e1n Sichel\",\"isPartOf\":{\"@id\":\"https:\\\/\\\/www.pacificoresearch.com\\\/#website\"},\"primaryImageOfPage\":{\"@id\":\"https:\\\/\\\/pacificoresearch.com\\\/en\\\/programa-economico-sebastian-sichel\\\/#primaryimage\"},\"image\":{\"@id\":\"https:\\\/\\\/pacificoresearch.com\\\/en\\\/programa-economico-sebastian-sichel\\\/#primaryimage\"},\"thumbnailUrl\":\"http:\\\/\\\/www.pacificoresearch.com\\\/wp-content\\\/uploads\\\/2021\\\/11\\\/Captura-de-pantalla-2021-11-12-a-las-14.18.34-edited.png\",\"datePublished\":\"2021-11-12T17:25:28+00:00\",\"dateModified\":\"2021-11-12T17:28:08+00:00\",\"description\":\"Patricio Rojas explica el programa econ\u00f3mico del candidato presidencial Sebasti\u00e1n Sichel. \u00a1Conoce m\u00e1s de sus medidas en nuestro art\u00edculo!\",\"breadcrumb\":{\"@id\":\"https:\\\/\\\/pacificoresearch.com\\\/en\\\/programa-economico-sebastian-sichel\\\/#breadcrumb\"},\"inLanguage\":\"en-US\",\"potentialAction\":[{\"@type\":\"ReadAction\",\"target\":[\"https:\\\/\\\/pacificoresearch.com\\\/en\\\/programa-economico-sebastian-sichel\\\/\"]}]},{\"@type\":\"ImageObject\",\"inLanguage\":\"en-US\",\"@id\":\"https:\\\/\\\/pacificoresearch.com\\\/en\\\/programa-economico-sebastian-sichel\\\/#primaryimage\",\"url\":\"http:\\\/\\\/www.pacificoresearch.com\\\/wp-content\\\/uploads\\\/2021\\\/11\\\/Captura-de-pantalla-2021-11-12-a-las-14.18.34-edited.png\",\"contentUrl\":\"http:\\\/\\\/www.pacificoresearch.com\\\/wp-content\\\/uploads\\\/2021\\\/11\\\/Captura-de-pantalla-2021-11-12-a-las-14.18.34-edited.png\"},{\"@type\":\"BreadcrumbList\",\"@id\":\"https:\\\/\\\/pacificoresearch.com\\\/en\\\/programa-economico-sebastian-sichel\\\/#breadcrumb\",\"itemListElement\":[{\"@type\":\"ListItem\",\"position\":1,\"name\":\"Portada\",\"item\":\"https:\\\/\\\/www.pacificoresearch.com\\\/\"},{\"@type\":\"ListItem\",\"position\":2,\"name\":\"Patricio Rojas y propuesta econ\u00f3mica de Sebasti\u00e1n Sichel\"}]},{\"@type\":\"WebSite\",\"@id\":\"https:\\\/\\\/www.pacificoresearch.com\\\/#website\",\"url\":\"https:\\\/\\\/www.pacificoresearch.com\\\/\",\"name\":\"Pacifico Research\",\"description\":\"Hacemos an\u00e1lisis de coyuntura de los principales datos y eventos macroecon\u00f3micos\",\"publisher\":{\"@id\":\"https:\\\/\\\/www.pacificoresearch.com\\\/#organization\"},\"potentialAction\":[{\"@type\":\"SearchAction\",\"target\":{\"@type\":\"EntryPoint\",\"urlTemplate\":\"https:\\\/\\\/www.pacificoresearch.com\\\/?s={search_term_string}\"},\"query-input\":{\"@type\":\"PropertyValueSpecification\",\"valueRequired\":true,\"valueName\":\"search_term_string\"}}],\"inLanguage\":\"en-US\"},{\"@type\":\"Organization\",\"@id\":\"https:\\\/\\\/www.pacificoresearch.com\\\/#organization\",\"name\":\"Pac\u00edfico Research\",\"url\":\"https:\\\/\\\/www.pacificoresearch.com\\\/\",\"logo\":{\"@type\":\"ImageObject\",\"inLanguage\":\"en-US\",\"@id\":\"https:\\\/\\\/www.pacificoresearch.com\\\/#\\\/schema\\\/logo\\\/image\\\/\",\"url\":\"http:\\\/\\\/52.40.128.194\\\/wp-content\\\/uploads\\\/2021\\\/02\\\/Logo-Pacifico-Research.jpg\",\"contentUrl\":\"http:\\\/\\\/52.40.128.194\\\/wp-content\\\/uploads\\\/2021\\\/02\\\/Logo-Pacifico-Research.jpg\",\"width\":1549,\"height\":685,\"caption\":\"Pac\u00edfico Research\"},\"image\":{\"@id\":\"https:\\\/\\\/www.pacificoresearch.com\\\/#\\\/schema\\\/logo\\\/image\\\/\"}},{\"@type\":\"Person\",\"@id\":\"https:\\\/\\\/www.pacificoresearch.com\\\/#\\\/schema\\\/person\\\/edccc4b4d07793dd8123c9326da70e1f\",\"name\":\"francisca@pacificoresearch.com\",\"image\":{\"@type\":\"ImageObject\",\"inLanguage\":\"en-US\",\"@id\":\"https:\\\/\\\/pacificoresearch.com\\\/wp-content\\\/uploads\\\/letter-avatar\\\/819b094abf837fa86461b195e44aa1ad.svg\",\"url\":\"https:\\\/\\\/pacificoresearch.com\\\/wp-content\\\/uploads\\\/letter-avatar\\\/819b094abf837fa86461b195e44aa1ad.svg\",\"contentUrl\":\"https:\\\/\\\/pacificoresearch.com\\\/wp-content\\\/uploads\\\/letter-avatar\\\/819b094abf837fa86461b195e44aa1ad.svg\",\"caption\":\"francisca@pacificoresearch.com\"},\"url\":\"https:\\\/\\\/pacificoresearch.com\\\/en\\\/author\\\/francisca\\\/\"}]}<\/script>\n<!-- \/ Yoast SEO plugin. -->","yoast_head_json":{"title":"Patricio Rojas y propuesta econ\u00f3mica de Sebasti\u00e1n Sichel &#183; Pacifico Research Patricio Rojas y propuesta econ\u00f3mica de Sebasti\u00e1n Sichel","description":"Patricio Rojas explica el programa econ\u00f3mico del candidato presidencial Sebasti\u00e1n Sichel. \u00a1Conoce m\u00e1s de sus medidas en nuestro art\u00edculo!","robots":{"index":"index","follow":"follow","max-snippet":"max-snippet:-1","max-image-preview":"max-image-preview:large","max-video-preview":"max-video-preview:-1"},"canonical":"https:\/\/pacificoresearch.com\/en\/programa-economico-sebastian-sichel\/","og_locale":"en_US","og_type":"article","og_title":"Patricio Rojas y propuesta econ\u00f3mica de Sebasti\u00e1n Sichel &#183; Pacifico Research Patricio Rojas y propuesta econ\u00f3mica de Sebasti\u00e1n Sichel","og_description":"Patricio Rojas explica el programa econ\u00f3mico del candidato presidencial Sebasti\u00e1n Sichel. \u00a1Conoce m\u00e1s de sus medidas en nuestro art\u00edculo!","og_url":"https:\/\/pacificoresearch.com\/en\/programa-economico-sebastian-sichel\/","og_site_name":"Pacifico Research","article_published_time":"2021-11-12T17:25:28+00:00","article_modified_time":"2021-11-12T17:28:08+00:00","og_image":[{"url":"http:\/\/www.pacificoresearch.com\/wp-content\/uploads\/2021\/11\/Captura-de-pantalla-2021-11-12-a-las-14.18.34-edited.png","type":"","width":"","height":""}],"author":"francisca@pacificoresearch.com","twitter_card":"summary_large_image","twitter_misc":{"Written by":"francisca@pacificoresearch.com","Est. reading time":"3 minutes"},"schema":{"@context":"https:\/\/schema.org","@graph":[{"@type":"Article","@id":"https:\/\/pacificoresearch.com\/en\/programa-economico-sebastian-sichel\/#article","isPartOf":{"@id":"https:\/\/pacificoresearch.com\/en\/programa-economico-sebastian-sichel\/"},"author":{"name":"francisca@pacificoresearch.com","@id":"https:\/\/www.pacificoresearch.com\/#\/schema\/person\/edccc4b4d07793dd8123c9326da70e1f"},"headline":"Patricio Rojas y propuesta econ\u00f3mica de Sebasti\u00e1n Sichel","datePublished":"2021-11-12T17:25:28+00:00","dateModified":"2021-11-12T17:28:08+00:00","mainEntityOfPage":{"@id":"https:\/\/pacificoresearch.com\/en\/programa-economico-sebastian-sichel\/"},"wordCount":655,"publisher":{"@id":"https:\/\/www.pacificoresearch.com\/#organization"},"image":{"@id":"https:\/\/pacificoresearch.com\/en\/programa-economico-sebastian-sichel\/#primaryimage"},"thumbnailUrl":"http:\/\/www.pacificoresearch.com\/wp-content\/uploads\/2021\/11\/Captura-de-pantalla-2021-11-12-a-las-14.18.34-edited.png","articleSection":["Mirada Pac\u00edfico"],"inLanguage":"en-US"},{"@type":"WebPage","@id":"https:\/\/pacificoresearch.com\/en\/programa-economico-sebastian-sichel\/","url":"https:\/\/pacificoresearch.com\/en\/programa-economico-sebastian-sichel\/","name":"Patricio Rojas y propuesta econ\u00f3mica de Sebasti\u00e1n Sichel &#183; Pacifico Research Patricio Rojas y propuesta econ\u00f3mica de Sebasti\u00e1n Sichel","isPartOf":{"@id":"https:\/\/www.pacificoresearch.com\/#website"},"primaryImageOfPage":{"@id":"https:\/\/pacificoresearch.com\/en\/programa-economico-sebastian-sichel\/#primaryimage"},"image":{"@id":"https:\/\/pacificoresearch.com\/en\/programa-economico-sebastian-sichel\/#primaryimage"},"thumbnailUrl":"http:\/\/www.pacificoresearch.com\/wp-content\/uploads\/2021\/11\/Captura-de-pantalla-2021-11-12-a-las-14.18.34-edited.png","datePublished":"2021-11-12T17:25:28+00:00","dateModified":"2021-11-12T17:28:08+00:00","description":"Patricio Rojas explica el programa econ\u00f3mico del candidato presidencial Sebasti\u00e1n Sichel. \u00a1Conoce m\u00e1s de sus medidas en nuestro art\u00edculo!","breadcrumb":{"@id":"https:\/\/pacificoresearch.com\/en\/programa-economico-sebastian-sichel\/#breadcrumb"},"inLanguage":"en-US","potentialAction":[{"@type":"ReadAction","target":["https:\/\/pacificoresearch.com\/en\/programa-economico-sebastian-sichel\/"]}]},{"@type":"ImageObject","inLanguage":"en-US","@id":"https:\/\/pacificoresearch.com\/en\/programa-economico-sebastian-sichel\/#primaryimage","url":"http:\/\/www.pacificoresearch.com\/wp-content\/uploads\/2021\/11\/Captura-de-pantalla-2021-11-12-a-las-14.18.34-edited.png","contentUrl":"http:\/\/www.pacificoresearch.com\/wp-content\/uploads\/2021\/11\/Captura-de-pantalla-2021-11-12-a-las-14.18.34-edited.png"},{"@type":"BreadcrumbList","@id":"https:\/\/pacificoresearch.com\/en\/programa-economico-sebastian-sichel\/#breadcrumb","itemListElement":[{"@type":"ListItem","position":1,"name":"Portada","item":"https:\/\/www.pacificoresearch.com\/"},{"@type":"ListItem","position":2,"name":"Patricio Rojas y propuesta econ\u00f3mica de Sebasti\u00e1n Sichel"}]},{"@type":"WebSite","@id":"https:\/\/www.pacificoresearch.com\/#website","url":"https:\/\/www.pacificoresearch.com\/","name":"Pacifico Research","description":"Hacemos an\u00e1lisis de coyuntura de los principales datos y eventos macroecon\u00f3micos","publisher":{"@id":"https:\/\/www.pacificoresearch.com\/#organization"},"potentialAction":[{"@type":"SearchAction","target":{"@type":"EntryPoint","urlTemplate":"https:\/\/www.pacificoresearch.com\/?s={search_term_string}"},"query-input":{"@type":"PropertyValueSpecification","valueRequired":true,"valueName":"search_term_string"}}],"inLanguage":"en-US"},{"@type":"Organization","@id":"https:\/\/www.pacificoresearch.com\/#organization","name":"Pac\u00edfico Research","url":"https:\/\/www.pacificoresearch.com\/","logo":{"@type":"ImageObject","inLanguage":"en-US","@id":"https:\/\/www.pacificoresearch.com\/#\/schema\/logo\/image\/","url":"http:\/\/52.40.128.194\/wp-content\/uploads\/2021\/02\/Logo-Pacifico-Research.jpg","contentUrl":"http:\/\/52.40.128.194\/wp-content\/uploads\/2021\/02\/Logo-Pacifico-Research.jpg","width":1549,"height":685,"caption":"Pac\u00edfico Research"},"image":{"@id":"https:\/\/www.pacificoresearch.com\/#\/schema\/logo\/image\/"}},{"@type":"Person","@id":"https:\/\/www.pacificoresearch.com\/#\/schema\/person\/edccc4b4d07793dd8123c9326da70e1f","name":"francisca@pacificoresearch.com","image":{"@type":"ImageObject","inLanguage":"en-US","@id":"https:\/\/pacificoresearch.com\/wp-content\/uploads\/letter-avatar\/819b094abf837fa86461b195e44aa1ad.svg","url":"https:\/\/pacificoresearch.com\/wp-content\/uploads\/letter-avatar\/819b094abf837fa86461b195e44aa1ad.svg","contentUrl":"https:\/\/pacificoresearch.com\/wp-content\/uploads\/letter-avatar\/819b094abf837fa86461b195e44aa1ad.svg","caption":"francisca@pacificoresearch.com"},"url":"https:\/\/pacificoresearch.com\/en\/author\/francisca\/"}]}},"_links":{"self":[{"href":"https:\/\/pacificoresearch.com\/en\/wp-json\/wp\/v2\/posts\/2078","targetHints":{"allow":["GET"]}}],"collection":[{"href":"https:\/\/pacificoresearch.com\/en\/wp-json\/wp\/v2\/posts"}],"about":[{"href":"https:\/\/pacificoresearch.com\/en\/wp-json\/wp\/v2\/types\/post"}],"author":[{"embeddable":true,"href":"https:\/\/pacificoresearch.com\/en\/wp-json\/wp\/v2\/users\/2"}],"replies":[{"embeddable":true,"href":"https:\/\/pacificoresearch.com\/en\/wp-json\/wp\/v2\/comments?post=2078"}],"version-history":[{"count":3,"href":"https:\/\/pacificoresearch.com\/en\/wp-json\/wp\/v2\/posts\/2078\/revisions"}],"predecessor-version":[{"id":2083,"href":"https:\/\/pacificoresearch.com\/en\/wp-json\/wp\/v2\/posts\/2078\/revisions\/2083"}],"wp:attachment":[{"href":"https:\/\/pacificoresearch.com\/en\/wp-json\/wp\/v2\/media?parent=2078"}],"wp:term":[{"taxonomy":"category","embeddable":true,"href":"https:\/\/pacificoresearch.com\/en\/wp-json\/wp\/v2\/categories?post=2078"},{"taxonomy":"post_tag","embeddable":true,"href":"https:\/\/pacificoresearch.com\/en\/wp-json\/wp\/v2\/tags?post=2078"}],"curies":[{"name":"wp","href":"https:\/\/api.w.org\/{rel}","templated":true}]}}